{"id":223,"date":"2020-08-31T14:37:12","date_gmt":"2020-08-31T14:37:12","guid":{"rendered":"https:\/\/segurarse.com.br\/blog\/?p=223"},"modified":"2023-01-13T19:40:50","modified_gmt":"2023-01-13T19:40:50","slug":"covid-19-dirigir-sem-mascara-em-meio-a-pandemia-nao-provoca-pontos-na-cnh","status":"publish","type":"post","link":"https:\/\/segurarse.com.br\/blog\/2020\/08\/31\/covid-19-dirigir-sem-mascara-em-meio-a-pandemia-nao-provoca-pontos-na-cnh\/","title":{"rendered":"COVID-19: DIRIGIR SEM M\u00c1SCARA EM MEIO A PANDEMIA N\u00c3O PROVOCA PONTOS NA CNH"},"content":{"rendered":"\n<figure class=\"wp-block-image\"><img loading=\"lazy\" decoding=\"async\" width=\"1024\" height=\"684\" src=\"https:\/\/segurarse.com.br\/blog\/wp-content\/uploads\/2020\/08\/1-1024x684.png\" alt=\"cnhcovid19.png\" class=\"wp-image-224\" srcset=\"https:\/\/segurarse.com.br\/blog\/wp-content\/uploads\/2020\/08\/1.png 1024w, https:\/\/segurarse.com.br\/blog\/wp-content\/uploads\/2020\/08\/1-300x200.png 300w, https:\/\/segurarse.com.br\/blog\/wp-content\/uploads\/2020\/08\/1-768x513.png 768w\" sizes=\"auto, (max-width: 1024px) 100vw, 1024px\" \/><\/figure>\n\n\n\n<p>Mensagens sobre o uso de m\u00e1scara ao pegar a estrada voltam a surgir novamente e se espalham pelo pa\u00eds inteiro. A informa\u00e7\u00e3o diz que, pessoas estavam sendo multadas por estarem sem m\u00e1scaras dentro dos ve\u00edculos. <strong>Mas fique atento: essa not\u00edcia \u00e9 totalmente falsa.&nbsp;&nbsp;<\/strong><\/p>\n\n\n\n<p>A \u00fanica exig\u00eancia que consta na Lei Federal 14.019\/20, \u00e9 que pessoas s\u00e3o obrigat\u00f3rias a usar m\u00e1scaras em lugares p\u00fablicos e privados que tenham acesso p\u00fablico, mas nada indica sobre us\u00e1-las dentro de autom\u00f3veis.&nbsp;<\/p>\n\n\n\n<p>A falsa multa constava que a puni\u00e7\u00e3o seria para pessoas que estivessem dirigindo sem os itens de seguran\u00e7a, somando 3 pontos na CNH (Carteira Nacional de Habilita\u00e7\u00e3o) e o valor de R$ 128,00 a pagar, para aqueles que estiverem sem m\u00e1scara. Tamb\u00e9m afirmava que a infra\u00e7\u00e3o valeria para motocicletas.<\/p>\n\n\n\n<p>Certifique-se de sempre pesquisar a fonte das not\u00edcias antes de compartilh\u00e1-las.&nbsp;<\/p>\n\n\n\n<p>Dirija sempre com cuidado =)<br><\/p>\n","protected":false},"excerpt":{"rendered":"<p>Mensagens sobre o uso de m\u00e1scara ao pegar a estrada voltam a surgir novamente se espalhando pelo pa\u00eds inteiro&#8230;<\/p>\n","protected":false},"author":4,"featured_media":224,"comment_status":"closed","ping_status":"closed","sticky":false,"template":"","format":"standard","meta":{"footnotes":""},"categories":[1],"tags":[32,26,132,131,90,95,34,133,21,73,6,3,4,5],"class_list":["post-223","post","type-post","status-publish","format-standard","has-post-thumbnail","hentry","category-noticias","tag-carroprotegido","tag-carrosegurado","tag-cnh2020","tag-cnhcovid19","tag-coronavirus","tag-covid19","tag-dirigirseguro","tag-infracaocnh","tag-infracaodetransito","tag-segurodeconfianca","tag-dirigircomseguranca","tag-segureseucarro","tag-segurodecarro","tag-segurodeveiculo"],"_links":{"self":[{"href":"https:\/\/segurarse.com.br\/blog\/wp-json\/wp\/v2\/posts\/223","targetHints":{"allow":["GET"]}}],"collection":[{"href":"https:\/\/segurarse.com.br\/blog\/wp-json\/wp\/v2\/posts"}],"about":[{"href":"https:\/\/segurarse.com.br\/blog\/wp-json\/wp\/v2\/types\/post"}],"author":[{"embeddable":true,"href":"https:\/\/segurarse.com.br\/blog\/wp-json\/wp\/v2\/users\/4"}],"replies":[{"embeddable":true,"href":"https:\/\/segurarse.com.br\/blog\/wp-json\/wp\/v2\/comments?post=223"}],"version-history":[{"count":2,"href":"https:\/\/segurarse.com.br\/blog\/wp-json\/wp\/v2\/posts\/223\/revisions"}],"predecessor-version":[{"id":374,"href":"https:\/\/segurarse.com.br\/blog\/wp-json\/wp\/v2\/posts\/223\/revisions\/374"}],"wp:featuredmedia":[{"embeddable":true,"href":"https:\/\/segurarse.com.br\/blog\/wp-json\/wp\/v2\/media\/224"}],"wp:attachment":[{"href":"https:\/\/segurarse.com.br\/blog\/wp-json\/wp\/v2\/media?parent=223"}],"wp:term":[{"taxonomy":"category","embeddable":true,"href":"https:\/\/segurarse.com.br\/blog\/wp-json\/wp\/v2\/categories?post=223"},{"taxonomy":"post_tag","embeddable":true,"href":"https:\/\/segurarse.com.br\/blog\/wp-json\/wp\/v2\/tags?post=223"}],"curies":[{"name":"wp","href":"https:\/\/api.w.org\/{rel}","templated":true}]}}